{"id":1,"date":"2021-12-11T23:47:16","date_gmt":"2021-12-11T22:47:16","guid":{"rendered":"https:\/\/siteok.edicic.org\/pt\/?p=1"},"modified":"2022-02-28T09:57:06","modified_gmt":"2022-02-28T12:57:06","slug":"ola-mundo","status":"publish","type":"post","link":"https:\/\/siteok.edicic.org\/pt\/2021\/12\/11\/ola-mundo\/","title":{"rendered":"Nova Diretoria foi eleita para a gest\u00e3o 2021-2023"},"content":{"rendered":"<div class=\"fusion-fullwidth fullwidth-box fusion-builder-row-1 fusion-flex-container nonhundred-percent-fullwidth non-hundred-percent-height-scrolling\" style=\"background-color: rgba(255,255,255,0);background-position: center center;background-repeat: no-repeat;border-width: 0px 0px 0px 0px;border-color:#e7e4e2;border-style:solid;\" ><div class=\"fusion-builder-row fusion-row fusion-flex-align-items-flex-start\" style=\"max-width:1331.2px;margin-left: calc(-4% \/ 2 );margin-right: calc(-4% \/ 2 );\"><div class=\"fusion-layout-column fusion_builder_column fusion-builder-column-0 fusion_builder_column_2_3 2_3 fusion-flex-column\"><div class=\"fusion-column-wrapper fusion-flex-justify-content-flex-start fusion-content-layout-column\" style=\"background-position:left top;background-blend-mode: overlay;background-repeat:no-repeat;-webkit-background-size:cover;-moz-background-size:cover;-o-background-size:cover;background-size:cover;padding: 0px 0px 0px 0px;\"><div class=\"fusion-text fusion-text-1\"><\/p>\n<p><img decoding=\"async\" class=\"lazyload alignnone wp-image-1802 size-medium\" src=\"https:\/\/siteok.edicic.org\/wp-content\/uploads\/2021\/12\/luisa-brimble-VfHoMBagDPc-unsplash-300x200.jpg\" data-orig-src=\"https:\/\/siteok.edicic.org\/wp-content\/uploads\/2021\/12\/luisa-brimble-VfHoMBagDPc-unsplash-300x200.jpg\" alt=\"\" width=\"300\" height=\"200\" srcset=\"data:image\/svg+xml,%3Csvg%20xmlns%3D%27http%3A%2F%2Fwww.w3.org%2F2000%2Fsvg%27%20width%3D%27300%27%20height%3D%27200%27%20viewBox%3D%270%200%20300%20200%27%3E%3Crect%20width%3D%27300%27%20height%3D%27200%27%20fill-opacity%3D%220%22%2F%3E%3C%2Fsvg%3E\" data-srcset=\"https:\/\/siteok.edicic.org\/pt\/wp-content\/uploads\/2021\/12\/luisa-brimble-VfHoMBagDPc-unsplash-200x133.jpg 200w, https:\/\/siteok.edicic.org\/pt\/wp-content\/uploads\/2021\/12\/luisa-brimble-VfHoMBagDPc-unsplash-300x200.jpg 300w, https:\/\/siteok.edicic.org\/pt\/wp-content\/uploads\/2021\/12\/luisa-brimble-VfHoMBagDPc-unsplash-400x267.jpg 400w, https:\/\/siteok.edicic.org\/pt\/wp-content\/uploads\/2021\/12\/luisa-brimble-VfHoMBagDPc-unsplash-600x400.jpg 600w, https:\/\/siteok.edicic.org\/pt\/wp-content\/uploads\/2021\/12\/luisa-brimble-VfHoMBagDPc-unsplash-768x512.jpg 768w, https:\/\/siteok.edicic.org\/pt\/wp-content\/uploads\/2021\/12\/luisa-brimble-VfHoMBagDPc-unsplash-800x533.jpg 800w, https:\/\/siteok.edicic.org\/pt\/wp-content\/uploads\/2021\/12\/luisa-brimble-VfHoMBagDPc-unsplash-1024x683.jpg 1024w, https:\/\/siteok.edicic.org\/pt\/wp-content\/uploads\/2021\/12\/luisa-brimble-VfHoMBagDPc-unsplash-1200x800.jpg 1200w, https:\/\/siteok.edicic.org\/pt\/wp-content\/uploads\/2021\/12\/luisa-brimble-VfHoMBagDPc-unsplash-1536x1024.jpg 1536w, https:\/\/siteok.edicic.org\/pt\/wp-content\/uploads\/2021\/12\/luisa-brimble-VfHoMBagDPc-unsplash-scaled.jpg 2560w\" data-sizes=\"auto\" data-orig-sizes=\"(max-width: 300px) 100vw, 300px\" \/><\/p>\n<p>Foi eleita na Assemble\u00eda Geral da Associa\u00e7\u00e3o a nova Diretoria Executiva e Fiscal, bem como os novos Coordenadores Regionais e Assessores para a gest\u00e3o 2021-2023. Essas informa\u00e7\u00f5es j\u00e1 foram atualizadas e podem ser acessadas neste site.<\/p>\n<\/p>\n<p>&nbsp;<\/p>\n<\/div><\/div><style type=\"text\/css\">.fusion-body .fusion-builder-column-0{width:66.666666666667% !important;margin-top : 0px;margin-bottom : 0px;}.fusion-builder-column-0 > .fusion-column-wrapper {padding-top : 0px !important;padding-right : 0px !important;margin-right : 2.88%;padding-bottom : 0px !important;padding-left : 0px !important;margin-left : 2.88%;}@media only screen and (max-width:1024px) {.fusion-body .fusion-builder-column-0{width:100% !important;}.fusion-builder-column-0 > .fusion-column-wrapper {margin-right : 1.92%;margin-left : 1.92%;}}@media only screen and (max-width:640px) {.fusion-body .fusion-builder-column-0{width:100% !important;}.fusion-builder-column-0 > .fusion-column-wrapper {margin-right : 1.92%;margin-left : 1.92%;}}<\/style><\/div><div class=\"fusion-layout-column fusion_builder_column fusion-builder-column-1 fusion_builder_column_1_3 1_3 fusion-flex-column\"><div class=\"fusion-column-wrapper fusion-flex-justify-content-flex-start fusion-content-layout-column\" style=\"background-position:left top;background-blend-mode: overlay;background-repeat:no-repeat;-webkit-background-size:cover;-moz-background-size:cover;-o-background-size:cover;background-size:cover;padding: 0px 0px 0px 0px;\"><div class=\"fusion-widget-area fusion-widget-area-1 fusion-content-widget-area\"><style type=\"text\/css\">.fusion-widget-area-1 {padding:0px 0px 0px 0px;}.fusion-widget-area-1 .widget h4 {color:#333c4e;}.fusion-widget-area-1 .widget .heading h4 {color:#333c4e;}.fusion-widget-area-1 .widget h4 {font-size:18px;}.fusion-widget-area-1 .widget .heading h4 {font-size:18px;}<\/style><section id=\"search-2\" class=\"widget widget_search\">\t\t<form role=\"search\" class=\"searchform fusion-search-form  fusion-search-form-classic\" method=\"get\" action=\"https:\/\/siteok.edicic.org\/pt\/\">\n\t\t\t<div class=\"fusion-search-form-content\">\n\n\t\t\t\t\n\t\t\t\t<div class=\"fusion-search-field search-field\">\n\t\t\t\t\t<label><span class=\"screen-reader-text\">Buscar resultados para:<\/span>\n\t\t\t\t\t\t\t\t\t\t\t\t\t<input type=\"search\" value=\"\" name=\"s\" class=\"s\" placeholder=\"Pesquisar...\" required aria-required=\"true\" aria-label=\"Pesquisar...\"\/>\n\t\t\t\t\t\t\t\t\t\t\t<\/label>\n\t\t\t\t<\/div>\n\t\t\t\t<div class=\"fusion-search-button search-button\">\n\t\t\t\t\t<input type=\"submit\" class=\"fusion-search-submit searchsubmit\" aria-label=\"Pesquisar\" value=\"&#xf002;\" \/>\n\t\t\t\t\t\t\t\t\t<\/div>\n\n\t\t\t\t\n\t\t\t<\/div>\n\n\n\t\t\t\n\t\t<\/form>\n\t\t<\/section><section id=\"pyre_tabs-widget-2\" class=\"widget fusion-tabs-widget\">\t\t<div class=\"fusion-tabs-widget-wrapper fusion-tabs-widget-3 fusion-tabs-classic fusion-tabs-image-default tab-holder\">\n\t\t\t<nav class=\"fusion-tabs-nav\">\n\t\t\t\t<ul class=\"tabset tabs\">\n\n\t\t\t\t\t\t\t\t\t\t\t<li class=\"active\"><a href=\"#\" data-link=\"fusion-tab-popular\">Popular<\/a><\/li>\n\t\t\t\t\t\n\t\t\t\t\t\t\t\t\t\t\t<li><a href=\"#\" data-link=\"fusion-tab-recent\">Recent<\/a><\/li>\n\t\t\t\t\t\n\t\t\t\t\t\t\t\t\t\t\t<li><a href=\"#\" data-link=\"fusion-tab-comments\"><span class=\"awb-icon-bubbles\"><\/span><span class=\"screen-reader-text\">Comments<\/span><\/a><\/li>\n\t\t\t\t\t\n\t\t\t\t<\/ul>\n\t\t\t<\/nav>\n\n\t\t\t<div class=\"fusion-tabs-widget-content tab-box tabs-container\">\n\n\t\t\t\t\n\t\t\t\t\t<div class=\"fusion-tab-popular fusion-tab-content tab tab_content\" data-name=\"fusion-tab-popular\">\n\t\t\t\t\t\t\n\t\t\t\t\t\t<ul class=\"fusion-tabs-widget-items news-list\">\n\t\t\t\t\t\t\t\t\t\t\t\t\t\t\t\t\t\t\t\t\t\t\t\t\t\t\t\t\t\t\t\t\t<li>\n\t\t\t\t\t\t\t\t\t\t\t\t\t\t\t\t\t\t\t\t\t<div class=\"image\">\n\t\t\t\t\t\t\t\t\t\t\t\t<a href=\"https:\/\/siteok.edicic.org\/pt\/2021\/12\/11\/ola-mundo\/\" aria-label=\"Nova Diretoria foi eleita para a gest\u00e3o 2021-2023\"><img decoding=\"async\" width=\"66\" height=\"66\" src=\"https:\/\/siteok.edicic.org\/pt\/wp-content\/uploads\/2021\/12\/luisa-brimble-VfHoMBagDPc-unsplash-66x66.jpg\" class=\"attachment-recent-works-thumbnail size-recent-works-thumbnail lazyload wp-post-image\" alt=\"\" srcset=\"data:image\/svg+xml,%3Csvg%20xmlns%3D%27http%3A%2F%2Fwww.w3.org%2F2000%2Fsvg%27%20width%3D%272560%27%20height%3D%271707%27%20viewBox%3D%270%200%202560%201707%27%3E%3Crect%20width%3D%272560%27%20height%3D%271707%27%20fill-opacity%3D%220%22%2F%3E%3C%2Fsvg%3E\" data-orig-src=\"https:\/\/siteok.edicic.org\/pt\/wp-content\/uploads\/2021\/12\/luisa-brimble-VfHoMBagDPc-unsplash-66x66.jpg\" data-srcset=\"https:\/\/siteok.edicic.org\/pt\/wp-content\/uploads\/2021\/12\/luisa-brimble-VfHoMBagDPc-unsplash-66x66.jpg 66w, https:\/\/siteok.edicic.org\/pt\/wp-content\/uploads\/2021\/12\/luisa-brimble-VfHoMBagDPc-unsplash-150x150.jpg 150w\" data-sizes=\"auto\" \/><\/a>\n\t\t\t\t\t\t\t\t\t\t\t<\/div>\n\t\t\t\t\t\t\t\t\t\t\n\t\t\t\t\t\t\t\t\t\t<div class=\"post-holder\">\n\t\t\t\t\t\t\t\t\t\t\t<a href=\"https:\/\/siteok.edicic.org\/pt\/2021\/12\/11\/ola-mundo\/\">Nova Diretoria foi eleita para a gest\u00e3o 2021-2023<\/a>\n\t\t\t\t\t\t\t\t\t\t\t<div class=\"fusion-meta\">\n\t\t\t\t\t\t\t\t\t\t\t\tdezembro 11th, 2021\t\t\t\t\t\t\t\t\t\t\t<\/div>\n\t\t\t\t\t\t\t\t\t\t<\/div>\n\t\t\t\t\t\t\t\t\t<\/li>\n\t\t\t\t\t\t\t\t\t\t\t\t\t\t\t\t\t\t\t\t\t\t\t\t\t\t<li>\n\t\t\t\t\t\t\t\t\t\t\n\t\t\t\t\t\t\t\t\t\t<div class=\"post-holder\">\n\t\t\t\t\t\t\t\t\t\t\t<a href=\"https:\/\/siteok.edicic.org\/pt\/2020\/02\/09\/vii-edibcic-2006\/\">VII EDIBCIC \/ 2006<\/a>\n\t\t\t\t\t\t\t\t\t\t\t<div class=\"fusion-meta\">\n\t\t\t\t\t\t\t\t\t\t\t\tfevereiro 9th, 2020\t\t\t\t\t\t\t\t\t\t\t<\/div>\n\t\t\t\t\t\t\t\t\t\t<\/div>\n\t\t\t\t\t\t\t\t\t<\/li>\n\t\t\t\t\t\t\t\t\t\t\t\t\t\t\t\t\t\t\t\t\t\t\t\t\t\t<li>\n\t\t\t\t\t\t\t\t\t\t\n\t\t\t\t\t\t\t\t\t\t<div class=\"post-holder\">\n\t\t\t\t\t\t\t\t\t\t\t<a href=\"https:\/\/siteok.edicic.org\/pt\/2020\/02\/09\/viii-edibcic-2008\/\">VIII EDIBCIC \/ 2008<\/a>\n\t\t\t\t\t\t\t\t\t\t\t<div class=\"fusion-meta\">\n\t\t\t\t\t\t\t\t\t\t\t\tfevereiro 9th, 2020\t\t\t\t\t\t\t\t\t\t\t<\/div>\n\t\t\t\t\t\t\t\t\t\t<\/div>\n\t\t\t\t\t\t\t\t\t<\/li>\n\t\t\t\t\t\t\t\t\n\t\t\t\t\t\t\t\t\t\t\t\t\t\t\t\t\t\t\t\t\t<\/ul>\n\t\t\t\t\t<\/div>\n\n\t\t\t\t\n\t\t\t\t\n\t\t\t\t\t<div class=\"fusion-tab-recent fusion-tab-content tab tab_content\" data-name=\"fusion-tab-recent\" style=\"display: none;\">\n\n\t\t\t\t\t\t\n\t\t\t\t\t\t<ul class=\"fusion-tabs-widget-items news-list\">\n\t\t\t\t\t\t\t\t\t\t\t\t\t\t\t\t\t\t\t\t\t\t\t\t\t\t\t\t\t\t\t\t\t<li>\n\t\t\t\t\t\t\t\t\t\t\t\t\t\t\t\t\t\t\t\t\t<div class=\"image\">\n\t\t\t\t\t\t\t\t\t\t\t\t<a href=\"https:\/\/siteok.edicic.org\/pt\/2022\/02\/13\/conferencia-elsa-barber\/\" aria-label=\"Confer\u00eancia \u2013 Elsa Barber\"><img decoding=\"async\" width=\"66\" height=\"66\" src=\"https:\/\/siteok.edicic.org\/pt\/wp-content\/uploads\/2022\/02\/Palestra_EDICIC_Abril_2022-66x66.png\" class=\"attachment-recent-works-thumbnail size-recent-works-thumbnail lazyload wp-post-image\" alt=\"\" srcset=\"data:image\/svg+xml,%3Csvg%20xmlns%3D%27http%3A%2F%2Fwww.w3.org%2F2000%2Fsvg%27%20width%3D%271080%27%20height%3D%271080%27%20viewBox%3D%270%200%201080%201080%27%3E%3Crect%20width%3D%271080%27%20height%3D%271080%27%20fill-opacity%3D%220%22%2F%3E%3C%2Fsvg%3E\" data-orig-src=\"https:\/\/siteok.edicic.org\/pt\/wp-content\/uploads\/2022\/02\/Palestra_EDICIC_Abril_2022-66x66.png\" data-srcset=\"https:\/\/siteok.edicic.org\/pt\/wp-content\/uploads\/2022\/02\/Palestra_EDICIC_Abril_2022-66x66.png 66w, https:\/\/siteok.edicic.org\/pt\/wp-content\/uploads\/2022\/02\/Palestra_EDICIC_Abril_2022-150x150.png 150w, https:\/\/siteok.edicic.org\/pt\/wp-content\/uploads\/2022\/02\/Palestra_EDICIC_Abril_2022-200x200.png 200w, https:\/\/siteok.edicic.org\/pt\/wp-content\/uploads\/2022\/02\/Palestra_EDICIC_Abril_2022-300x300.png 300w, https:\/\/siteok.edicic.org\/pt\/wp-content\/uploads\/2022\/02\/Palestra_EDICIC_Abril_2022-400x400.png 400w, https:\/\/siteok.edicic.org\/pt\/wp-content\/uploads\/2022\/02\/Palestra_EDICIC_Abril_2022-600x600.png 600w, https:\/\/siteok.edicic.org\/pt\/wp-content\/uploads\/2022\/02\/Palestra_EDICIC_Abril_2022-768x768.png 768w, https:\/\/siteok.edicic.org\/pt\/wp-content\/uploads\/2022\/02\/Palestra_EDICIC_Abril_2022-800x800.png 800w, https:\/\/siteok.edicic.org\/pt\/wp-content\/uploads\/2022\/02\/Palestra_EDICIC_Abril_2022-1024x1024.png 1024w, https:\/\/siteok.edicic.org\/pt\/wp-content\/uploads\/2022\/02\/Palestra_EDICIC_Abril_2022.png 1080w\" data-sizes=\"auto\" \/><\/a>\n\t\t\t\t\t\t\t\t\t\t\t<\/div>\n\t\t\t\t\t\t\t\t\t\t\t\t\t\t\t\t\t\t\t\t<div class=\"post-holder\">\n\t\t\t\t\t\t\t\t\t\t\t<a href=\"https:\/\/siteok.edicic.org\/pt\/2022\/02\/13\/conferencia-elsa-barber\/\">Confer\u00eancia \u2013 Elsa Barber<\/a>\n\t\t\t\t\t\t\t\t\t\t\t<div class=\"fusion-meta\">\n\t\t\t\t\t\t\t\t\t\t\t\tfevereiro 13th, 2022\t\t\t\t\t\t\t\t\t\t\t<\/div>\n\t\t\t\t\t\t\t\t\t\t<\/div>\n\t\t\t\t\t\t\t\t\t<\/li>\n\t\t\t\t\t\t\t\t\t\t\t\t\t\t\t\t\t\t\t\t\t\t\t\t\t\t<li>\n\t\t\t\t\t\t\t\t\t\t\t\t\t\t\t\t\t\t\t\t\t<div class=\"image\">\n\t\t\t\t\t\t\t\t\t\t\t\t<a href=\"https:\/\/siteok.edicic.org\/pt\/2022\/01\/30\/llamada-no-01-2022\/\" aria-label=\"Chamada n\u00ba 01\/2022\"><img decoding=\"async\" width=\"66\" height=\"66\" src=\"https:\/\/siteok.edicic.org\/pt\/wp-content\/uploads\/2022\/01\/Screen-Shot-2022-01-30-at-13.02.13-66x66.png\" class=\"attachment-recent-works-thumbnail size-recent-works-thumbnail lazyload wp-post-image\" alt=\"\" srcset=\"data:image\/svg+xml,%3Csvg%20xmlns%3D%27http%3A%2F%2Fwww.w3.org%2F2000%2Fsvg%27%20width%3D%27940%27%20height%3D%27563%27%20viewBox%3D%270%200%20940%20563%27%3E%3Crect%20width%3D%27940%27%20height%3D%27563%27%20fill-opacity%3D%220%22%2F%3E%3C%2Fsvg%3E\" data-orig-src=\"https:\/\/siteok.edicic.org\/pt\/wp-content\/uploads\/2022\/01\/Screen-Shot-2022-01-30-at-13.02.13-66x66.png\" data-srcset=\"https:\/\/siteok.edicic.org\/pt\/wp-content\/uploads\/2022\/01\/Screen-Shot-2022-01-30-at-13.02.13-66x66.png 66w, https:\/\/siteok.edicic.org\/pt\/wp-content\/uploads\/2022\/01\/Screen-Shot-2022-01-30-at-13.02.13-150x150.png 150w\" data-sizes=\"auto\" \/><\/a>\n\t\t\t\t\t\t\t\t\t\t\t<\/div>\n\t\t\t\t\t\t\t\t\t\t\t\t\t\t\t\t\t\t\t\t<div class=\"post-holder\">\n\t\t\t\t\t\t\t\t\t\t\t<a href=\"https:\/\/siteok.edicic.org\/pt\/2022\/01\/30\/llamada-no-01-2022\/\">Chamada n\u00ba 01\/2022<\/a>\n\t\t\t\t\t\t\t\t\t\t\t<div class=\"fusion-meta\">\n\t\t\t\t\t\t\t\t\t\t\t\tjaneiro 30th, 2022\t\t\t\t\t\t\t\t\t\t\t<\/div>\n\t\t\t\t\t\t\t\t\t\t<\/div>\n\t\t\t\t\t\t\t\t\t<\/li>\n\t\t\t\t\t\t\t\t\t\t\t\t\t\t\t\t\t\t\t\t\t\t\t\t\t\t<li>\n\t\t\t\t\t\t\t\t\t\t\t\t\t\t\t\t\t\t\t\t\t<div class=\"image\">\n\t\t\t\t\t\t\t\t\t\t\t\t<a href=\"https:\/\/siteok.edicic.org\/pt\/2021\/12\/16\/conferencia\/\" aria-label=\"Confer\u00eancia &#8211; Brenda Cabral Vargas\"><img decoding=\"async\" width=\"66\" height=\"66\" src=\"https:\/\/siteok.edicic.org\/pt\/wp-content\/uploads\/2021\/12\/Palestra_EDICIC_Janeiro_2023-66x66.png\" class=\"attachment-recent-works-thumbnail size-recent-works-thumbnail lazyload wp-post-image\" alt=\"Conferencia\" srcset=\"data:image\/svg+xml,%3Csvg%20xmlns%3D%27http%3A%2F%2Fwww.w3.org%2F2000%2Fsvg%27%20width%3D%271080%27%20height%3D%271080%27%20viewBox%3D%270%200%201080%201080%27%3E%3Crect%20width%3D%271080%27%20height%3D%271080%27%20fill-opacity%3D%220%22%2F%3E%3C%2Fsvg%3E\" data-orig-src=\"https:\/\/siteok.edicic.org\/pt\/wp-content\/uploads\/2021\/12\/Palestra_EDICIC_Janeiro_2023-66x66.png\" data-srcset=\"https:\/\/siteok.edicic.org\/pt\/wp-content\/uploads\/2021\/12\/Palestra_EDICIC_Janeiro_2023-66x66.png 66w, https:\/\/siteok.edicic.org\/pt\/wp-content\/uploads\/2021\/12\/Palestra_EDICIC_Janeiro_2023-150x150.png 150w, https:\/\/siteok.edicic.org\/pt\/wp-content\/uploads\/2021\/12\/Palestra_EDICIC_Janeiro_2023-200x200.png 200w, https:\/\/siteok.edicic.org\/pt\/wp-content\/uploads\/2021\/12\/Palestra_EDICIC_Janeiro_2023-300x300.png 300w, https:\/\/siteok.edicic.org\/pt\/wp-content\/uploads\/2021\/12\/Palestra_EDICIC_Janeiro_2023-400x400.png 400w, https:\/\/siteok.edicic.org\/pt\/wp-content\/uploads\/2021\/12\/Palestra_EDICIC_Janeiro_2023-600x600.png 600w, https:\/\/siteok.edicic.org\/pt\/wp-content\/uploads\/2021\/12\/Palestra_EDICIC_Janeiro_2023-768x768.png 768w, https:\/\/siteok.edicic.org\/pt\/wp-content\/uploads\/2021\/12\/Palestra_EDICIC_Janeiro_2023-800x800.png 800w, https:\/\/siteok.edicic.org\/pt\/wp-content\/uploads\/2021\/12\/Palestra_EDICIC_Janeiro_2023-1024x1024.png 1024w, https:\/\/siteok.edicic.org\/pt\/wp-content\/uploads\/2021\/12\/Palestra_EDICIC_Janeiro_2023.png 1080w\" data-sizes=\"auto\" \/><\/a>\n\t\t\t\t\t\t\t\t\t\t\t<\/div>\n\t\t\t\t\t\t\t\t\t\t\t\t\t\t\t\t\t\t\t\t<div class=\"post-holder\">\n\t\t\t\t\t\t\t\t\t\t\t<a href=\"https:\/\/siteok.edicic.org\/pt\/2021\/12\/16\/conferencia\/\">Confer\u00eancia &#8211; Brenda Cabral Vargas<\/a>\n\t\t\t\t\t\t\t\t\t\t\t<div class=\"fusion-meta\">\n\t\t\t\t\t\t\t\t\t\t\t\tdezembro 16th, 2021\t\t\t\t\t\t\t\t\t\t\t<\/div>\n\t\t\t\t\t\t\t\t\t\t<\/div>\n\t\t\t\t\t\t\t\t\t<\/li>\n\t\t\t\t\t\t\t\t\t\t\t\t\t\t\t\t\t\t\t\t\t\t\t\t\t\t\t\t\t<\/ul>\n\t\t\t\t\t<\/div>\n\t\t\t\t\n\t\t\t\t\n\t\t\t\t\t<div class=\"fusion-tab-comments tab fusion-tab-content tab_content\" data-name=\"fusion-tab-comments\" style=\"display: none;\">\n\t\t\t\t\t\t<ul class=\"fusion-tabs-widget-items news-list\">\n\t\t\t\t\t\t\t\n\t\t\t\t\t\t\t\t\t\t\t\t\t\t\t\t\t\t\t\t\t\t\t\t<li>\n\t\t\t\t\t\t\t\t\t\t<div class=\"image\">\n\t\t\t\t\t\t\t\t\t\t\t<a><img alt='' src='https:\/\/secure.gravatar.com\/avatar\/8e1606e6fba450a9362af43874c1b2dfad34c782e33d0a51e1b46c18a2a567dd?s=52&#038;d=mm&#038;r=g' srcset='https:\/\/secure.gravatar.com\/avatar\/8e1606e6fba450a9362af43874c1b2dfad34c782e33d0a51e1b46c18a2a567dd?s=104&#038;d=mm&#038;r=g 2x' class='avatar avatar-52 photo' height='52' width='52' \/><\/a>\n\t\t\t\t\t\t\t\t\t\t<\/div>\n\t\t\t\t\t\t\t\t\t\t<div class=\"post-holder\">\n\t\t\t\t\t\t\t\t\t\t\t\t\t\t\t\t\t\t\t\t\t\t<p>Um comentador do WordPress says:<\/p>\n\t\t\t\t\t\t\t\t\t\t\t<div class=\"fusion-meta\">\n\t\t\t\t\t\t\t\t\t\t\t\t\t\t\t\t\t\t\t\t\t\t\t\t<a class=\"comment-text-side\" href=\"https:\/\/siteok.edicic.org\/pt\/2021\/12\/11\/ola-mundo\/#comment-1\" title=\"Um comentador do WordPress on Nova Diretoria foi eleita para a gest\u00e3o 2021-2023\">Ol\u00e1, isto \u00e9 um coment\u00e1rio. Para iniciar a moderar, editar e eliminar&hellip;<\/a>\n\t\t\t\t\t\t\t\t\t\t\t<\/div>\n\t\t\t\t\t\t\t\t\t\t<\/div>\n\t\t\t\t\t\t\t\t\t<\/li>\n\t\t\t\t\t\t\t\t\t\t\t\t\t\t\t\t\t\t\t\t\t<\/ul>\n\t\t\t\t\t<\/div>\n\n\t\t\t\t\t\t\t<\/div>\n\t\t<\/div>\n\t\t<\/section><style type=\"text\/css\" data-id=\"tweets-widget-2\">#tweets-widget-2 li { border-color:rgba(255,255,255,0);}<\/style><section id=\"tweets-widget-2\" class=\"widget tweets\" style=\"border-style: solid;border-color: rgba(255,255,255,0);border-color:transparent;border-width:0px;\"><div class=\"heading\"><h4 class=\"widget-title\">Recent Tweets<\/h4><\/div>\t\t\t\t\n\t\t<div style=\"overflow:hidden\">\n\t\t\t\t\t\t\t\t\t\t\t<a class=\"twitter-timeline\" data-dnt=\"true\" href=\"https:\/\/twitter.com\/EDICIC_OFICIAL\" data-tweet-limit=\"3\" data-width=\"\" data-height=\"\" width=\"\" height=\"\" data-theme=\"light\" data-link-color=\"#ef9a3d\" data-border-color=\"rgba(255,255,255,0)\" data-chrome=\"noheader nofooter noborders\">Tweets by EDICIC_OFICIAL<\/a>\n\t\t\t\t\t\t\t\n\t\t\t\t\t\t\t\t\t\t\t<script async src=\"\/\/platform.twitter.com\/widgets.js\" charset=\"utf-8\"><\/script>\n\t\t\t\t\t\t\t\n\t\t<\/div>\n\t\t<\/section><div class=\"fusion-additional-widget-content\"><\/div><\/div><\/div><style type=\"text\/css\">.fusion-body .fusion-builder-column-1{width:33.333333333333% !important;margin-top : 0px;margin-bottom : 0px;}.fusion-builder-column-1 > .fusion-column-wrapper {padding-top : 0px !important;padding-right : 0px !important;margin-right : 5.76%;padding-bottom : 0px !important;padding-left : 0px !important;margin-left : 5.76%;}@media only screen and (max-width:1024px) {.fusion-body .fusion-builder-column-1{width:100% !important;}.fusion-builder-column-1 > .fusion-column-wrapper {margin-right : 1.92%;margin-left : 1.92%;}}@media only screen and (max-width:640px) {.fusion-body .fusion-builder-column-1{width:100% !important;}.fusion-builder-column-1 > .fusion-column-wrapper {margin-right : 1.92%;margin-left : 1.92%;}}<\/style><\/div><\/div><style type=\"text\/css\">.fusion-body .fusion-flex-container.fusion-builder-row-1{ padding-top : 0px;margin-top : 0px;padding-right : 0px;padding-bottom : 0px;margin-bottom : 0px;padding-left : 0px;}<\/style><\/div>","protected":false},"excerpt":{"rendered":"","protected":false},"author":1,"featured_media":1802,"comment_status":"open","ping_status":"open","sticky":false,"template":"","format":"standard","meta":{"content-type":"","footnotes":""},"categories":[1,22,20],"tags":[],"class_list":["post-1","post","type-post","status-publish","format-standard","has-post-thumbnail","hentry","category-sem-categoria","category-ciencias-de-la-informacion","category-noticias"],"_links":{"self":[{"href":"https:\/\/siteok.edicic.org\/pt\/wp-json\/wp\/v2\/posts\/1","targetHints":{"allow":["GET"]}}],"collection":[{"href":"https:\/\/siteok.edicic.org\/pt\/wp-json\/wp\/v2\/posts"}],"about":[{"href":"https:\/\/siteok.edicic.org\/pt\/wp-json\/wp\/v2\/types\/post"}],"author":[{"embeddable":true,"href":"https:\/\/siteok.edicic.org\/pt\/wp-json\/wp\/v2\/users\/1"}],"replies":[{"embeddable":true,"href":"https:\/\/siteok.edicic.org\/pt\/wp-json\/wp\/v2\/comments?post=1"}],"version-history":[{"count":6,"href":"https:\/\/siteok.edicic.org\/pt\/wp-json\/wp\/v2\/posts\/1\/revisions"}],"predecessor-version":[{"id":2744,"href":"https:\/\/siteok.edicic.org\/pt\/wp-json\/wp\/v2\/posts\/1\/revisions\/2744"}],"wp:featuredmedia":[{"embeddable":true,"href":"https:\/\/siteok.edicic.org\/pt\/wp-json\/wp\/v2\/media\/1802"}],"wp:attachment":[{"href":"https:\/\/siteok.edicic.org\/pt\/wp-json\/wp\/v2\/media?parent=1"}],"wp:term":[{"taxonomy":"category","embeddable":true,"href":"https:\/\/siteok.edicic.org\/pt\/wp-json\/wp\/v2\/categories?post=1"},{"taxonomy":"post_tag","embeddable":true,"href":"https:\/\/siteok.edicic.org\/pt\/wp-json\/wp\/v2\/tags?post=1"}],"curies":[{"name":"wp","href":"https:\/\/api.w.org\/{rel}","templated":true}]}}